{"id":2293,"date":"2021-01-21T10:17:31","date_gmt":"2021-01-21T10:17:31","guid":{"rendered":"http:\/\/wordpress.zcube.in\/busqueda\/?p=2293"},"modified":"2026-03-03T23:21:14","modified_gmt":"2026-03-03T23:21:14","slug":"there-are-many-you-how-this-of-available","status":"publish","type":"post","link":"https:\/\/colegioimaculadaiic.com.br\/index.php\/2021\/01\/21\/there-are-many-you-how-this-of-available\/","title":{"rendered":"Festa Junina 2025"},"content":{"rendered":"<p>Tradicional festa com comidas t\u00edpicas, dan\u00e7as e brincadeiras<\/p>\n<div class=\"details__content-img\"><img fetchpriority=\"high\" decoding=\"async\" class=\"alignnone size-full wp-image-2729\" src=\"http:\/\/localhost:8888\/educato\/wp-content\/uploads\/2021\/01\/b_details01.jpg\" alt=\"\" width=\"770\" height=\"370\" \/><\/div>\n","protected":false},"excerpt":{"rendered":"<p>Tradicional festa com comidas t\u00edpicas, dan\u00e7as e brincadeiras<\/p>\n","protected":false},"author":1,"featured_media":3065,"comment_status":"open","ping_status":"open","sticky":false,"template":"","format":"gallery","meta":{"_monsterinsights_skip_tracking":false,"_monsterinsights_sitenote_active":false,"_monsterinsights_sitenote_note":"","_monsterinsights_sitenote_category":0,"footnotes":""},"categories":[1],"tags":[7,9,10],"class_list":["post-2293","post","type-post","status-publish","format-gallery","has-post-thumbnail","hentry","category-uncategorized","tag-design","tag-web-design","tag-wordpress","post_format-post-format-gallery"],"yoast_head":"<!-- This site is optimized with the Yoast SEO plugin v27.4 - https:\/\/yoast.com\/product\/yoast-seo-wordpress\/ -->\n<title>Festa Junina 2025 - Col\u00e9gio Imaculada Concei\u00e7\u00e3o<\/title>\n<meta name=\"robots\" content=\"index, follow, max-snippet:-1, max-image-preview:large, max-video-preview:-1\" \/>\n<link rel=\"canonical\" href=\"https:\/\/colegioimaculadaiic.com.br\/index.php\/2021\/01\/21\/there-are-many-you-how-this-of-available\/\" \/>\n<meta property=\"og:locale\" content=\"pt_BR\" \/>\n<meta property=\"og:type\" content=\"article\" \/>\n<meta property=\"og:title\" content=\"Festa Junina 2025 - Col\u00e9gio Imaculada Concei\u00e7\u00e3o\" \/>\n<meta property=\"og:description\" content=\"Tradicional festa com comidas t\u00edpicas, dan\u00e7as e brincadeiras\" \/>\n<meta property=\"og:url\" content=\"https:\/\/colegioimaculadaiic.com.br\/index.php\/2021\/01\/21\/there-are-many-you-how-this-of-available\/\" \/>\n<meta property=\"og:site_name\" content=\"Col\u00e9gio Imaculada Concei\u00e7\u00e3o\" \/>\n<meta property=\"article:publisher\" content=\"https:\/\/www.facebook.com\/institutoimaculadaconceicao\/?locale=pt_BR\" \/>\n<meta property=\"article:published_time\" content=\"2021-01-21T10:17:31+00:00\" \/>\n<meta property=\"article:modified_time\" content=\"2026-03-03T23:21:14+00:00\" \/>\n<meta property=\"og:image\" content=\"https:\/\/colegioimaculadaiic.com.br\/wp-content\/uploads\/2026\/01\/parquinho_infantil-scaled.jpg\" \/>\n\t<meta property=\"og:image:width\" content=\"1920\" \/>\n\t<meta property=\"og:image:height\" content=\"2560\" \/>\n\t<meta property=\"og:image:type\" content=\"image\/jpeg\" \/>\n<meta name=\"author\" content=\"admin\" \/>\n<meta name=\"twitter:card\" content=\"summary_large_image\" \/>\n<meta name=\"twitter:label1\" content=\"Escrito por\" \/>\n\t<meta name=\"twitter:data1\" content=\"admin\" \/>\n<script type=\"application\/ld+json\" class=\"yoast-schema-graph\">{\"@context\":\"https:\\\/\\\/schema.org\",\"@graph\":[{\"@type\":\"Article\",\"@id\":\"https:\\\/\\\/colegioimaculadaiic.com.br\\\/index.php\\\/2021\\\/01\\\/21\\\/there-are-many-you-how-this-of-available\\\/#article\",\"isPartOf\":{\"@id\":\"https:\\\/\\\/colegioimaculadaiic.com.br\\\/index.php\\\/2021\\\/01\\\/21\\\/there-are-many-you-how-this-of-available\\\/\"},\"author\":{\"name\":\"admin\",\"@id\":\"https:\\\/\\\/colegioimaculadaiic.com.br\\\/#\\\/schema\\\/person\\\/3e0d0c2113b1d17835265ddbf9c63f97\"},\"headline\":\"Festa Junina 2025\",\"datePublished\":\"2021-01-21T10:17:31+00:00\",\"dateModified\":\"2026-03-03T23:21:14+00:00\",\"mainEntityOfPage\":{\"@id\":\"https:\\\/\\\/colegioimaculadaiic.com.br\\\/index.php\\\/2021\\\/01\\\/21\\\/there-are-many-you-how-this-of-available\\\/\"},\"wordCount\":12,\"commentCount\":0,\"publisher\":{\"@id\":\"https:\\\/\\\/colegioimaculadaiic.com.br\\\/#organization\"},\"image\":{\"@id\":\"https:\\\/\\\/colegioimaculadaiic.com.br\\\/index.php\\\/2021\\\/01\\\/21\\\/there-are-many-you-how-this-of-available\\\/#primaryimage\"},\"thumbnailUrl\":\"https:\\\/\\\/colegioimaculadaiic.com.br\\\/wp-content\\\/uploads\\\/2026\\\/01\\\/parquinho_infantil-scaled.jpg\",\"keywords\":[\"Design\",\"web design\",\"Wordpress\"],\"articleSection\":[\"Uncategorized\"],\"inLanguage\":\"pt-BR\",\"potentialAction\":[{\"@type\":\"CommentAction\",\"name\":\"Comment\",\"target\":[\"https:\\\/\\\/colegioimaculadaiic.com.br\\\/index.php\\\/2021\\\/01\\\/21\\\/there-are-many-you-how-this-of-available\\\/#respond\"]}]},{\"@type\":\"WebPage\",\"@id\":\"https:\\\/\\\/colegioimaculadaiic.com.br\\\/index.php\\\/2021\\\/01\\\/21\\\/there-are-many-you-how-this-of-available\\\/\",\"url\":\"https:\\\/\\\/colegioimaculadaiic.com.br\\\/index.php\\\/2021\\\/01\\\/21\\\/there-are-many-you-how-this-of-available\\\/\",\"name\":\"Festa Junina 2025 - Col\u00e9gio Imaculada Concei\u00e7\u00e3o\",\"isPartOf\":{\"@id\":\"https:\\\/\\\/colegioimaculadaiic.com.br\\\/#website\"},\"primaryImageOfPage\":{\"@id\":\"https:\\\/\\\/colegioimaculadaiic.com.br\\\/index.php\\\/2021\\\/01\\\/21\\\/there-are-many-you-how-this-of-available\\\/#primaryimage\"},\"image\":{\"@id\":\"https:\\\/\\\/colegioimaculadaiic.com.br\\\/index.php\\\/2021\\\/01\\\/21\\\/there-are-many-you-how-this-of-available\\\/#primaryimage\"},\"thumbnailUrl\":\"https:\\\/\\\/colegioimaculadaiic.com.br\\\/wp-content\\\/uploads\\\/2026\\\/01\\\/parquinho_infantil-scaled.jpg\",\"datePublished\":\"2021-01-21T10:17:31+00:00\",\"dateModified\":\"2026-03-03T23:21:14+00:00\",\"breadcrumb\":{\"@id\":\"https:\\\/\\\/colegioimaculadaiic.com.br\\\/index.php\\\/2021\\\/01\\\/21\\\/there-are-many-you-how-this-of-available\\\/#breadcrumb\"},\"inLanguage\":\"pt-BR\",\"potentialAction\":[{\"@type\":\"ReadAction\",\"target\":[\"https:\\\/\\\/colegioimaculadaiic.com.br\\\/index.php\\\/2021\\\/01\\\/21\\\/there-are-many-you-how-this-of-available\\\/\"]}]},{\"@type\":\"ImageObject\",\"inLanguage\":\"pt-BR\",\"@id\":\"https:\\\/\\\/colegioimaculadaiic.com.br\\\/index.php\\\/2021\\\/01\\\/21\\\/there-are-many-you-how-this-of-available\\\/#primaryimage\",\"url\":\"https:\\\/\\\/colegioimaculadaiic.com.br\\\/wp-content\\\/uploads\\\/2026\\\/01\\\/parquinho_infantil-scaled.jpg\",\"contentUrl\":\"https:\\\/\\\/colegioimaculadaiic.com.br\\\/wp-content\\\/uploads\\\/2026\\\/01\\\/parquinho_infantil-scaled.jpg\",\"width\":1920,\"height\":2560},{\"@type\":\"BreadcrumbList\",\"@id\":\"https:\\\/\\\/colegioimaculadaiic.com.br\\\/index.php\\\/2021\\\/01\\\/21\\\/there-are-many-you-how-this-of-available\\\/#breadcrumb\",\"itemListElement\":[{\"@type\":\"ListItem\",\"position\":1,\"name\":\"In\u00edcio\",\"item\":\"https:\\\/\\\/colegioimaculadaiic.com.br\\\/\"},{\"@type\":\"ListItem\",\"position\":2,\"name\":\"Festa Junina 2025\"}]},{\"@type\":\"WebSite\",\"@id\":\"https:\\\/\\\/colegioimaculadaiic.com.br\\\/#website\",\"url\":\"https:\\\/\\\/colegioimaculadaiic.com.br\\\/\",\"name\":\"Col\u00e9gio Imaculada Concei\u00e7\u00e3o\",\"description\":\"\",\"publisher\":{\"@id\":\"https:\\\/\\\/colegioimaculadaiic.com.br\\\/#organization\"},\"potentialAction\":[{\"@type\":\"SearchAction\",\"target\":{\"@type\":\"EntryPoint\",\"urlTemplate\":\"https:\\\/\\\/colegioimaculadaiic.com.br\\\/?s={search_term_string}\"},\"query-input\":{\"@type\":\"PropertyValueSpecification\",\"valueRequired\":true,\"valueName\":\"search_term_string\"}}],\"inLanguage\":\"pt-BR\"},{\"@type\":\"Organization\",\"@id\":\"https:\\\/\\\/colegioimaculadaiic.com.br\\\/#organization\",\"name\":\"Col\u00e9gio Imaculada Concei\u00e7\u00e3o\",\"url\":\"https:\\\/\\\/colegioimaculadaiic.com.br\\\/\",\"logo\":{\"@type\":\"ImageObject\",\"inLanguage\":\"pt-BR\",\"@id\":\"https:\\\/\\\/colegioimaculadaiic.com.br\\\/#\\\/schema\\\/logo\\\/image\\\/\",\"url\":\"https:\\\/\\\/colegioimaculadaiic.com.br\\\/wp-content\\\/uploads\\\/2025\\\/11\\\/cropped-logo.jpg\",\"contentUrl\":\"https:\\\/\\\/colegioimaculadaiic.com.br\\\/wp-content\\\/uploads\\\/2025\\\/11\\\/cropped-logo.jpg\",\"width\":688,\"height\":688,\"caption\":\"Col\u00e9gio Imaculada Concei\u00e7\u00e3o\"},\"image\":{\"@id\":\"https:\\\/\\\/colegioimaculadaiic.com.br\\\/#\\\/schema\\\/logo\\\/image\\\/\"},\"sameAs\":[\"https:\\\/\\\/www.facebook.com\\\/institutoimaculadaconceicao\\\/?locale=pt_BR\",\"https:\\\/\\\/www.instagram.com\\\/institutoimaculadaconceicao\\\/\"]},{\"@type\":\"Person\",\"@id\":\"https:\\\/\\\/colegioimaculadaiic.com.br\\\/#\\\/schema\\\/person\\\/3e0d0c2113b1d17835265ddbf9c63f97\",\"name\":\"admin\",\"image\":{\"@type\":\"ImageObject\",\"inLanguage\":\"pt-BR\",\"@id\":\"https:\\\/\\\/secure.gravatar.com\\\/avatar\\\/fba3b89e5547baab4e717a5d9f3f23257ee7b26446d3c03d66fb11354b532b12?s=96&d=mm&r=g\",\"url\":\"https:\\\/\\\/secure.gravatar.com\\\/avatar\\\/fba3b89e5547baab4e717a5d9f3f23257ee7b26446d3c03d66fb11354b532b12?s=96&d=mm&r=g\",\"contentUrl\":\"https:\\\/\\\/secure.gravatar.com\\\/avatar\\\/fba3b89e5547baab4e717a5d9f3f23257ee7b26446d3c03d66fb11354b532b12?s=96&d=mm&r=g\",\"caption\":\"admin\"},\"sameAs\":[\"https:\\\/\\\/colegioimaculadaiic.com.br\"],\"url\":\"https:\\\/\\\/colegioimaculadaiic.com.br\\\/index.php\\\/author\\\/admin_pin1u1hi\\\/\"}]}<\/script>\n<!-- \/ Yoast SEO plugin. -->","yoast_head_json":{"title":"Festa Junina 2025 - Col\u00e9gio Imaculada Concei\u00e7\u00e3o","robots":{"index":"index","follow":"follow","max-snippet":"max-snippet:-1","max-image-preview":"max-image-preview:large","max-video-preview":"max-video-preview:-1"},"canonical":"https:\/\/colegioimaculadaiic.com.br\/index.php\/2021\/01\/21\/there-are-many-you-how-this-of-available\/","og_locale":"pt_BR","og_type":"article","og_title":"Festa Junina 2025 - Col\u00e9gio Imaculada Concei\u00e7\u00e3o","og_description":"Tradicional festa com comidas t\u00edpicas, dan\u00e7as e brincadeiras","og_url":"https:\/\/colegioimaculadaiic.com.br\/index.php\/2021\/01\/21\/there-are-many-you-how-this-of-available\/","og_site_name":"Col\u00e9gio Imaculada Concei\u00e7\u00e3o","article_publisher":"https:\/\/www.facebook.com\/institutoimaculadaconceicao\/?locale=pt_BR","article_published_time":"2021-01-21T10:17:31+00:00","article_modified_time":"2026-03-03T23:21:14+00:00","og_image":[{"width":1920,"height":2560,"url":"https:\/\/colegioimaculadaiic.com.br\/wp-content\/uploads\/2026\/01\/parquinho_infantil-scaled.jpg","type":"image\/jpeg"}],"author":"admin","twitter_card":"summary_large_image","twitter_misc":{"Escrito por":"admin"},"schema":{"@context":"https:\/\/schema.org","@graph":[{"@type":"Article","@id":"https:\/\/colegioimaculadaiic.com.br\/index.php\/2021\/01\/21\/there-are-many-you-how-this-of-available\/#article","isPartOf":{"@id":"https:\/\/colegioimaculadaiic.com.br\/index.php\/2021\/01\/21\/there-are-many-you-how-this-of-available\/"},"author":{"name":"admin","@id":"https:\/\/colegioimaculadaiic.com.br\/#\/schema\/person\/3e0d0c2113b1d17835265ddbf9c63f97"},"headline":"Festa Junina 2025","datePublished":"2021-01-21T10:17:31+00:00","dateModified":"2026-03-03T23:21:14+00:00","mainEntityOfPage":{"@id":"https:\/\/colegioimaculadaiic.com.br\/index.php\/2021\/01\/21\/there-are-many-you-how-this-of-available\/"},"wordCount":12,"commentCount":0,"publisher":{"@id":"https:\/\/colegioimaculadaiic.com.br\/#organization"},"image":{"@id":"https:\/\/colegioimaculadaiic.com.br\/index.php\/2021\/01\/21\/there-are-many-you-how-this-of-available\/#primaryimage"},"thumbnailUrl":"https:\/\/colegioimaculadaiic.com.br\/wp-content\/uploads\/2026\/01\/parquinho_infantil-scaled.jpg","keywords":["Design","web design","Wordpress"],"articleSection":["Uncategorized"],"inLanguage":"pt-BR","potentialAction":[{"@type":"CommentAction","name":"Comment","target":["https:\/\/colegioimaculadaiic.com.br\/index.php\/2021\/01\/21\/there-are-many-you-how-this-of-available\/#respond"]}]},{"@type":"WebPage","@id":"https:\/\/colegioimaculadaiic.com.br\/index.php\/2021\/01\/21\/there-are-many-you-how-this-of-available\/","url":"https:\/\/colegioimaculadaiic.com.br\/index.php\/2021\/01\/21\/there-are-many-you-how-this-of-available\/","name":"Festa Junina 2025 - Col\u00e9gio Imaculada Concei\u00e7\u00e3o","isPartOf":{"@id":"https:\/\/colegioimaculadaiic.com.br\/#website"},"primaryImageOfPage":{"@id":"https:\/\/colegioimaculadaiic.com.br\/index.php\/2021\/01\/21\/there-are-many-you-how-this-of-available\/#primaryimage"},"image":{"@id":"https:\/\/colegioimaculadaiic.com.br\/index.php\/2021\/01\/21\/there-are-many-you-how-this-of-available\/#primaryimage"},"thumbnailUrl":"https:\/\/colegioimaculadaiic.com.br\/wp-content\/uploads\/2026\/01\/parquinho_infantil-scaled.jpg","datePublished":"2021-01-21T10:17:31+00:00","dateModified":"2026-03-03T23:21:14+00:00","breadcrumb":{"@id":"https:\/\/colegioimaculadaiic.com.br\/index.php\/2021\/01\/21\/there-are-many-you-how-this-of-available\/#breadcrumb"},"inLanguage":"pt-BR","potentialAction":[{"@type":"ReadAction","target":["https:\/\/colegioimaculadaiic.com.br\/index.php\/2021\/01\/21\/there-are-many-you-how-this-of-available\/"]}]},{"@type":"ImageObject","inLanguage":"pt-BR","@id":"https:\/\/colegioimaculadaiic.com.br\/index.php\/2021\/01\/21\/there-are-many-you-how-this-of-available\/#primaryimage","url":"https:\/\/colegioimaculadaiic.com.br\/wp-content\/uploads\/2026\/01\/parquinho_infantil-scaled.jpg","contentUrl":"https:\/\/colegioimaculadaiic.com.br\/wp-content\/uploads\/2026\/01\/parquinho_infantil-scaled.jpg","width":1920,"height":2560},{"@type":"BreadcrumbList","@id":"https:\/\/colegioimaculadaiic.com.br\/index.php\/2021\/01\/21\/there-are-many-you-how-this-of-available\/#breadcrumb","itemListElement":[{"@type":"ListItem","position":1,"name":"In\u00edcio","item":"https:\/\/colegioimaculadaiic.com.br\/"},{"@type":"ListItem","position":2,"name":"Festa Junina 2025"}]},{"@type":"WebSite","@id":"https:\/\/colegioimaculadaiic.com.br\/#website","url":"https:\/\/colegioimaculadaiic.com.br\/","name":"Col\u00e9gio Imaculada Concei\u00e7\u00e3o","description":"","publisher":{"@id":"https:\/\/colegioimaculadaiic.com.br\/#organization"},"potentialAction":[{"@type":"SearchAction","target":{"@type":"EntryPoint","urlTemplate":"https:\/\/colegioimaculadaiic.com.br\/?s={search_term_string}"},"query-input":{"@type":"PropertyValueSpecification","valueRequired":true,"valueName":"search_term_string"}}],"inLanguage":"pt-BR"},{"@type":"Organization","@id":"https:\/\/colegioimaculadaiic.com.br\/#organization","name":"Col\u00e9gio Imaculada Concei\u00e7\u00e3o","url":"https:\/\/colegioimaculadaiic.com.br\/","logo":{"@type":"ImageObject","inLanguage":"pt-BR","@id":"https:\/\/colegioimaculadaiic.com.br\/#\/schema\/logo\/image\/","url":"https:\/\/colegioimaculadaiic.com.br\/wp-content\/uploads\/2025\/11\/cropped-logo.jpg","contentUrl":"https:\/\/colegioimaculadaiic.com.br\/wp-content\/uploads\/2025\/11\/cropped-logo.jpg","width":688,"height":688,"caption":"Col\u00e9gio Imaculada Concei\u00e7\u00e3o"},"image":{"@id":"https:\/\/colegioimaculadaiic.com.br\/#\/schema\/logo\/image\/"},"sameAs":["https:\/\/www.facebook.com\/institutoimaculadaconceicao\/?locale=pt_BR","https:\/\/www.instagram.com\/institutoimaculadaconceicao\/"]},{"@type":"Person","@id":"https:\/\/colegioimaculadaiic.com.br\/#\/schema\/person\/3e0d0c2113b1d17835265ddbf9c63f97","name":"admin","image":{"@type":"ImageObject","inLanguage":"pt-BR","@id":"https:\/\/secure.gravatar.com\/avatar\/fba3b89e5547baab4e717a5d9f3f23257ee7b26446d3c03d66fb11354b532b12?s=96&d=mm&r=g","url":"https:\/\/secure.gravatar.com\/avatar\/fba3b89e5547baab4e717a5d9f3f23257ee7b26446d3c03d66fb11354b532b12?s=96&d=mm&r=g","contentUrl":"https:\/\/secure.gravatar.com\/avatar\/fba3b89e5547baab4e717a5d9f3f23257ee7b26446d3c03d66fb11354b532b12?s=96&d=mm&r=g","caption":"admin"},"sameAs":["https:\/\/colegioimaculadaiic.com.br"],"url":"https:\/\/colegioimaculadaiic.com.br\/index.php\/author\/admin_pin1u1hi\/"}]}},"_links":{"self":[{"href":"https:\/\/colegioimaculadaiic.com.br\/index.php\/wp-json\/wp\/v2\/posts\/2293","targetHints":{"allow":["GET"]}}],"collection":[{"href":"https:\/\/colegioimaculadaiic.com.br\/index.php\/wp-json\/wp\/v2\/posts"}],"about":[{"href":"https:\/\/colegioimaculadaiic.com.br\/index.php\/wp-json\/wp\/v2\/types\/post"}],"author":[{"embeddable":true,"href":"https:\/\/colegioimaculadaiic.com.br\/index.php\/wp-json\/wp\/v2\/users\/1"}],"replies":[{"embeddable":true,"href":"https:\/\/colegioimaculadaiic.com.br\/index.php\/wp-json\/wp\/v2\/comments?post=2293"}],"version-history":[{"count":2,"href":"https:\/\/colegioimaculadaiic.com.br\/index.php\/wp-json\/wp\/v2\/posts\/2293\/revisions"}],"predecessor-version":[{"id":3190,"href":"https:\/\/colegioimaculadaiic.com.br\/index.php\/wp-json\/wp\/v2\/posts\/2293\/revisions\/3190"}],"wp:featuredmedia":[{"embeddable":true,"href":"https:\/\/colegioimaculadaiic.com.br\/index.php\/wp-json\/wp\/v2\/media\/3065"}],"wp:attachment":[{"href":"https:\/\/colegioimaculadaiic.com.br\/index.php\/wp-json\/wp\/v2\/media?parent=2293"}],"wp:term":[{"taxonomy":"category","embeddable":true,"href":"https:\/\/colegioimaculadaiic.com.br\/index.php\/wp-json\/wp\/v2\/categories?post=2293"},{"taxonomy":"post_tag","embeddable":true,"href":"https:\/\/colegioimaculadaiic.com.br\/index.php\/wp-json\/wp\/v2\/tags?post=2293"}],"curies":[{"name":"wp","href":"https:\/\/api.w.org\/{rel}","templated":true}]}}